{"id":7452,"date":"2020-09-03T07:15:23","date_gmt":"2020-09-03T10:15:23","guid":{"rendered":"https:\/\/wanode.io\/?p=7452"},"modified":"2021-10-19T09:22:34","modified_gmt":"2021-10-19T12:22:34","slug":"lgpd-tudo-o-que-voce-precisa-saber","status":"publish","type":"post","link":"https:\/\/wanode.io\/pt\/blog\/lgpd-tudo-o-que-voce-precisa-saber\/","title":{"rendered":"LGPD: tudo o que voc\u00ea precisa saber"},"content":{"rendered":"<p><span style=\"font-weight: 400;\">Nessa quarta-feira (26), foi aprovado pelo <\/span><b>Senado Federal<\/b><span style=\"font-weight: 400;\"> uma <\/span><b>Vig\u00eancia da LGPD (Lei Geral de Prote\u00e7\u00e3o de Dados)<\/b><span style=\"font-weight: 400;\">, garantindo os <\/span><b>dados dos brasileiros no ambiente digital<\/b><span style=\"font-weight: 400;\">. Logotipo, um <\/span><b>deputado <\/b><span style=\"font-weight: 400;\">transforme-se em <\/span><b>PLC (Projeto de Lei de Convers\u00e3o) 34\/2020 <\/b><span style=\"font-weight: 400;\">e, agora, ser\u00e1 sancionado pelo presidente a <\/span><b>LGPD<\/b><span style=\"font-weight: 400;\">. J\u00e1 que n\u00e3o est\u00e1 mais adiada, sendo assim, a assessoria de imprensa do <\/span><b>Senado <\/b><span style=\"font-weight: 400;\">informe que a <\/span><b>LGPD <\/b><span style=\"font-weight: 400;\">come\u00e7a a valer j\u00e1 nesta quinta-feira (27) passada, independente da san\u00e7\u00e3o do presidente.\u00a0<\/span><\/p>\n<p><span style=\"font-weight: 400;\">\u00a0Alguns especialistas n\u00e3o chegaram a um consenso sobre a data em que a lei come\u00e7a a entrar em vigor: se foi quinta-feira mesmo ou ser\u00e1 s\u00f3 depois do presidente sancionar a <\/span><b>lei<\/b><span style=\"font-weight: 400;\">, o que pode acontecer em at\u00e9 15 dias \u00fateis depois de receber o projeto na <\/span><b>Casa Civil<\/b><span style=\"font-weight: 400;\">. O <\/span><b>Senado <\/b><span style=\"font-weight: 400;\">postou uma nota, depois, que a <\/span><b>LGPD <\/b><span style=\"font-weight: 400;\">s\u00f3 passaria a valer depois da <\/span><b>san\u00e7\u00e3o <\/b><span style=\"font-weight: 400;\">e dos votos dos demais.<\/span><\/p>\n<p><span style=\"font-weight: 400;\">De modo geral, \u00e9 preciso se atentar, pois como <\/span><b>multas da nova lei <\/b><span style=\"font-weight: 400;\">pode chegar at\u00e9 2% do faturamento das <\/span><b>empresas<\/b><span style=\"font-weight: 400;\">, tendo seu limite de at\u00e9 R$50 milh\u00f5es. A medida que alegava <\/span><b>sociedade <\/b><span style=\"font-weight: 400;\">ainda n\u00e3o tinha se adaptado a <\/span><b>legisla\u00e7\u00e3o <\/b><span style=\"font-weight: 400;\">e que a pandemia dificultava ainda mais, foi a \u00fanica que n\u00e3o foi votada no <\/span><b>Senado<\/b><span style=\"font-weight: 400;\">. apesar da <\/span><b>(Autoridade Nacional de Prote\u00e7\u00e3o de Dados)<\/b> <b>ANPD<\/b><span style=\"font-weight: 400;\">, <\/span><b>\u00f3rg\u00e3o respons\u00e1vel<\/b><span style=\"font-weight: 400;\"> por <\/span><b>interpreta\u00e7\u00e3o<\/b><span style=\"font-weight: 400;\"> e <\/span><b>defesa da legisla\u00e7\u00e3o<\/b><span style=\"font-weight: 400;\">, muitos alegam que o adiamento da <\/span><b>vigil\u00e2ncia da LGPD<\/b><span style=\"font-weight: 400;\"> serviu como uma desculpa para atrasar a cria\u00e7\u00e3o do \u00f3rg\u00e3o. Outros, acham que deveria permanecer adiada, pois uma <\/span><b>lei <\/b><span style=\"font-weight: 400;\">sem um \u00f3rg\u00e3o que a <\/span><b>regulamentariza <\/b><span style=\"font-weight: 400;\">n\u00e3o pode existir.<\/span><\/p>\n<h2><\/h2>\n<h2><b>O que muda com a vigil\u00e2ncia da LGPD?<\/b><\/h2>\n<p><span style=\"font-weight: 400;\">Por conta de toda essa incerteza, voc\u00ea j\u00e1 deve ter notado que, nas \u00faltimas semanas, os maiores <\/span><b>aplicativos <\/b><span style=\"font-weight: 400;\">tem procurado se adaptar <\/span><b>\u00e0s novas normas do mundo digital.<\/b> <b>Facebook, Google e WhatsApp<\/b><span style=\"font-weight: 400;\"> informaram seus <\/span><b>usu\u00e1rios <\/b><span style=\"font-weight: 400;\">atrav\u00e9s de <\/span><b>e-mails <\/b><span style=\"font-weight: 400;\">ou <\/span><b>mensagens <\/b><span style=\"font-weight: 400;\">n\u00e3o pr\u00f3prio <\/span><b>aplicativo<\/b><span style=\"font-weight: 400;\">. O <\/span><b>Whatsapp <\/b><span style=\"font-weight: 400;\">deixou uma mensagem no topo da i<\/span><b>interface do aplicativo<\/b><span style=\"font-weight: 400;\">, dizendo: \u201cToque para ler o <\/span><b>novo aviso de privacidade <\/b><span style=\"font-weight: 400;\">\u2013 Brasil\u201d e envia o <\/span><b>usu\u00e1rio <\/b><span style=\"font-weight: 400;\">para um link. O <\/span><b>Facebook <\/b><span style=\"font-weight: 400;\">informe seus <\/span><b>usu\u00e1rios <\/b><span style=\"font-weight: 400;\">que pedir\u00e1 permiss\u00e3o antes de usar alguns <\/span><b>dados dos usu\u00e1rios brasileiros<\/b><span style=\"font-weight: 400;\">, o <\/span><b>Twitter <\/b><span style=\"font-weight: 400;\">disse que uma equipe interna cuidar\u00e1 de adequar a <\/span><b>rede social<\/b><span style=\"font-weight: 400;\"> conforme a <\/span><b>LGPD<\/b><span style=\"font-weight: 400;\">. O <\/span><b>Google<\/b><span style=\"font-weight: 400;\">, inclusive, se mostrou em favor da <\/span><b>LGPD.<\/b><\/p>\n<p><span style=\"font-weight: 400;\">Pois, com a <\/span><b>vigil\u00e2ncia da LGPD<\/b><span style=\"font-weight: 400;\">, como <\/span><b>empresas <\/b><span style=\"font-weight: 400;\">s\u00f3 poder\u00e1 salvar ou usar o <\/span><b>dados dos clientes<\/b><span style=\"font-weight: 400;\"> com a sua <\/span><b>Assistente<\/b><span style=\"font-weight: 400;\">.<\/span><\/p>\n<p><span style=\"font-weight: 400;\">Se alguma <\/span><b>rede social <\/b><span style=\"font-weight: 400;\">ou qualquer outra <\/span><b>empresa <\/b><span style=\"font-weight: 400;\">passa os seus <\/span><b>dados<\/b><span style=\"font-weight: 400;\">, como nome, contato, endere\u00e7o e e-mail para outras <\/span><b>empresas<\/b><span style=\"font-weight: 400;\">. Voc\u00ea poder\u00e1 proteger e processar os envolvidos <\/span><b>LGPD<\/b><span style=\"font-weight: 400;\">.<\/span><\/p>\n<figure id=\"attachment_7467\" aria-describedby=\"caption-attachment-7467\" style=\"width: 1920px\" class=\"wp-caption alignnone\"><img fetchpriority=\"high\" decoding=\"async\" class=\"size-full wp-image-7467\" src=\"https:\/\/wanode.io\/wp-content\/uploads\/2020\/09\/Design-sem-nome-4.png\" alt=\"empreendedor adaptando-se \u00e0s novas normas da LGPD\" width=\"1920\" height=\"1080\" srcset=\"https:\/\/wanode.io\/wp-content\/uploads\/2020\/09\/Design-sem-nome-4.png 1920w, https:\/\/wanode.io\/wp-content\/uploads\/2020\/09\/Design-sem-nome-4-600x338.png 600w, https:\/\/wanode.io\/wp-content\/uploads\/2020\/09\/Design-sem-nome-4-711x400.png 711w, https:\/\/wanode.io\/wp-content\/uploads\/2020\/09\/Design-sem-nome-4-1400x788.png 1400w, https:\/\/wanode.io\/wp-content\/uploads\/2020\/09\/Design-sem-nome-4-768x432.png 768w, https:\/\/wanode.io\/wp-content\/uploads\/2020\/09\/Design-sem-nome-4-1536x864.png 1536w\" sizes=\"(max-width: 1920px) 100vw, 1920px\" \/><figcaption id=\"caption-attachment-7467\" class=\"wp-caption-text\">empreendedor adaptando-se \u00e0s novas normas da LGPD<\/figcaption><\/figure>\n<h2><b>O que \u00e9 permitido ou n\u00e3o pela LGPD?<\/b><\/h2>\n<p><span style=\"font-weight: 400;\">UM <\/span><b>lei <\/b><span style=\"font-weight: 400;\">torna oficial os <\/span><b>dados an\u00f4nimos<\/b><span style=\"font-weight: 400;\">, ou seja, alguns <\/span><b>dados <\/b><span style=\"font-weight: 400;\">ser\u00e3o cuidados e guardados na rede sem que as pessoas que os forneceram sejam identificadas. Muitas <\/span><b>empresas <\/b><span style=\"font-weight: 400;\">como o <\/span><b>Google Maps<\/b><span style=\"font-weight: 400;\">, acabam coletando <\/span><b>dados das pessoas <\/b><span style=\"font-weight: 400;\">p\u00e1ra <\/span><b>identificar <\/b><span style=\"font-weight: 400;\">como est\u00e1 o <\/span><b>Tr\u00e2nsito nos locais.<\/b><span style=\"font-weight: 400;\"> No entanto, ele n\u00e3o informa os <\/span><b>usu\u00e1rios <\/b><span style=\"font-weight: 400;\">ou outras <\/span><b>empresas <\/b><span style=\"font-weight: 400;\">sobre cada um que contribuiu com seus <\/span><b>dados, <\/b><span style=\"font-weight: 400;\">para um <\/span><b>an\u00e1lise da empresa<\/b><span style=\"font-weight: 400;\"> com <\/span><b>rela\u00e7\u00e3o ao tr\u00e2nsito<\/b><span style=\"font-weight: 400;\">. As \u00fanicas abordagens para essa regra s\u00e3o em quest\u00f5es de <\/span><b>medidas judiciais<\/b><span style=\"font-weight: 400;\">, <\/span><b>pesquisa<\/b><span style=\"font-weight: 400;\">, <\/span><b>pol\u00edticas p\u00fablicas<\/b><span style=\"font-weight: 400;\"> ou <\/span><b>suspeita de fraude<\/b><span style=\"font-weight: 400;\">.\u00a0<\/span><\/p>\n<p><span style=\"font-weight: 400;\">UM <\/span><b>LGPD, <\/b><span style=\"font-weight: 400;\">tamb\u00e9m, n\u00e3o tem <\/span><b>vigil\u00e2ncia <\/b><span style=\"font-weight: 400;\">com rela\u00e7\u00e3o a di\u00e1logos pessoais, jornal\u00edsticos, de estudo acad\u00eamico, <\/span><b>seguran\u00e7a p\u00fablica <\/b><span style=\"font-weight: 400;\">ou fora do <\/span><b>territ\u00f3rio nacional<\/b><span style=\"font-weight: 400;\">. Nos casos de menores de idade, um respons\u00e1vel maior de idade que responder\u00e1 sobre como os <\/span><b>dados <\/b><span style=\"font-weight: 400;\">do menor dever\u00e1 ser tratado.\u00a0<\/span><\/p>\n<p><span style=\"font-weight: 400;\">E quem analisar\u00e1 caso por caso ser\u00e1 um <\/span><b>ANPD (Autoridade Nacional de Prote\u00e7\u00e3o de Dados)<\/b><span style=\"font-weight: 400;\"> que deve logo ser criada. Por isso, que as <\/span><b>empresas <\/b><span style=\"font-weight: 400;\">j\u00e1 deve mudar seus <\/span><b>termos de uso<\/b><span style=\"font-weight: 400;\">, deixando o <\/span><b>cliente <\/b><span style=\"font-weight: 400;\">ciente de tudo o que \u00e9 feito com os seus <\/span><b>dados<\/b><span style=\"font-weight: 400;\"> e sendo de acordo com a <\/span><b>LGPD<\/b><span style=\"font-weight: 400;\">. Logo, a necessidade de avisar seus <\/span><b>clientes <\/b><span style=\"font-weight: 400;\">que irei estar se adequando a <\/span><b>nova lei.<\/b><\/p>\n<p>&nbsp;<\/p>\n<p><b>Quais s\u00e3o os direitos dos usu\u00e1rios?<\/b><\/p>\n<p><span style=\"font-weight: 400;\">O <\/span><b>usu\u00e1rio <\/b><span style=\"font-weight: 400;\">tem o direito de saber gratuitamente quais <\/span><b>empresas <\/b><span style=\"font-weight: 400;\">tem seus <\/span><b>dados <\/b><span style=\"font-weight: 400;\">e que <\/span><b>dados <\/b><span style=\"font-weight: 400;\">s\u00e3o esses. Como armazenado e at\u00e9 solicitar que os est\u00e3o aposentados de seus <\/span><b>sistema<\/b><span style=\"font-weight: 400;\">. Podendo ser qualquer <\/span><b>dado<\/b><span style=\"font-weight: 400;\">:<\/span><b> RG, CPF<\/b><span style=\"font-weight: 400;\"> ou os dados que a <\/span><b>LGPD <\/b><span style=\"font-weight: 400;\">considere que se deve ter mais cuidado: origem racial ou \u00e9tnica, posicionamento ideol\u00f3gico, pol\u00edtico ou religioso, ou mesma biometria, hist\u00f3rico gen\u00e9tico e orienta\u00e7\u00e3o sexual.\u00a0<\/span><\/p>\n<p><span style=\"font-weight: 400;\">Todos esses <\/span><b>dados <\/b><span style=\"font-weight: 400;\">s\u00e3o colhidos das<\/span><b> mais diversas formas<\/b><span style=\"font-weight: 400;\">, como os cadastros nos <\/span><b>aplicativos de celular<\/b><span style=\"font-weight: 400;\">, <\/span><b>formul\u00e1riosossu\u00e1rios <\/b><span style=\"font-weight: 400;\">para recebimento de <\/span><b>boletins informativos<\/b><span style=\"font-weight: 400;\">. O mesmo acontece em <\/span><b>an\u00fancios<\/b><span style=\"font-weight: 400;\">, <\/span><b>c\u00f3digos promocionais<\/b><span style=\"font-weight: 400;\"> e afins. Todas essas a\u00e7\u00f5es coletando <\/span><b>informa\u00e7\u00f5es dos clientes<\/b><span style=\"font-weight: 400;\"> gerou um grande aumento de casos de <\/span><b>vazamento de dados<\/b><span style=\"font-weight: 400;\"> sendo necess\u00e1rio que estados, <\/span><b>empresas <\/b><span style=\"font-weight: 400;\">e <\/span><b>comunidade <\/b><span style=\"font-weight: 400;\">criassem <\/span><b>ferramentas <\/b><span style=\"font-weight: 400;\">p\u00e1ra <\/span><b>proteger a privacidade das pessoas<\/b><span style=\"font-weight: 400;\">. Al\u00e9m disso, <\/span><b>ataques cibern\u00e9ticos<\/b><span style=\"font-weight: 400;\"> Geram Grandes <\/span><b>preju\u00edzos financeiros<\/b><span style=\"font-weight: 400;\">. S\u00f3 em 2019, R$80 bilh\u00f5es foram perdidos, no Brasil, por conta de <\/span><b>vazamentos de dados,<\/b><span style=\"font-weight: 400;\"> segundo a<\/span> <b>Uni\u00e3o Internacional de Telecomunica\u00e7\u00f5es<\/b><span style=\"font-weight: 400;\"> (<\/span><b>UIT<\/b><span style=\"font-weight: 400;\">), \u00f3rg\u00e3o da <\/span><b>Organiza\u00e7\u00e3o das Na\u00e7\u00f5es Unidas (ONU).<\/b><\/p>\n<p><span style=\"font-weight: 400;\">UM <\/span><b>LGPD<\/b><span style=\"font-weight: 400;\"> foi criado os moldes da <\/span><b>CDPR<\/b><span style=\"font-weight: 400;\"> (<\/span><a href=\"https:\/\/www.techtudo.com.br\/noticias\/2018\/05\/o-que-e-a-gdpr-entenda-o-que-muda-para-voce-com-a-nova-lei.ghtml\"><b>Regulamento Geral de Prote\u00e7\u00e3o de Dados da Uni\u00e3o Europeia<\/b><\/a><span style=\"font-weight: 400;\">), em prol da s<\/span><b>seguran\u00e7a dos dados da popula\u00e7\u00e3o<\/b><span style=\"font-weight: 400;\"> europ\u00e9ia est\u00e1 em vigor desde 2018. At\u00e9 ent\u00e3o, n\u00e3o t\u00ednhamos nenhuma lei que cuidasse diretamente do <\/span><b>assunto<\/b><span style=\"font-weight: 400;\">, apenas algumas <\/span><b>disposi\u00e7\u00f5es gerais<\/b><span style=\"font-weight: 400;\"> fazer <\/span><b>C\u00f3digo de Defesa do Consumidor<\/b><span style=\"font-weight: 400;\">, <\/span><span style=\"font-weight: 400;\">n \/ D <\/span><a href=\"https:\/\/www.techtudo.com.br\/dicas-e-tutoriais\/2019\/07\/como-fazer-um-pedido-pela-lei-de-acesso-a-informacao.ghtml\"><b>Lei de Acesso \u00e0 Informa\u00e7\u00e3o<\/b><\/a><span style=\"font-weight: 400;\"> e n\u00e3o <\/span><a href=\"https:\/\/www.techtudo.com.br\/noticias\/noticia\/2014\/03\/camara-aprova-o-marco-civil-da-internet-entenda-o-que-isso-significa.html\"><b>Marco Civil da Internet<\/b><\/a><span style=\"font-weight: 400;\">.\u00a0<\/span><\/p>\n<p><span style=\"font-weight: 400;\">Geralmente, como <\/span><b>empresas <\/b><span style=\"font-weight: 400;\">pedem a <\/span><b>Permiss\u00e3o do usu\u00e1rio<\/b><span style=\"font-weight: 400;\"> com rela\u00e7\u00e3o ao uso de seus <\/span><b>dados nos formul\u00e1rios e cadastros. <\/b><span style=\"font-weight: 400;\">No entanto, agora, isso precisar\u00e1 ser feito com mais <\/span><b>transpar\u00eancia<\/b><span style=\"font-weight: 400;\">. Com um <\/span><b>vigil\u00e2ncia da LGPD<\/b><span style=\"font-weight: 400;\">, como <\/span><b>empresas <\/b><span style=\"font-weight: 400;\">deve ser necess\u00e1ria uma solicita\u00e7\u00e3o de determinados <\/span><b>dados<\/b><span style=\"font-weight: 400;\">, al\u00e9m de informar para quais <\/span><b>objetivos <\/b><span style=\"font-weight: 400;\">ser\u00e3o usados. E n\u00e3o sendo permitido us\u00e1-los para outros fins sen\u00e3o aqueles que <\/span><b>sinalizou ao usu\u00e1rio<\/b><span style=\"font-weight: 400;\">. Ou mesmo <\/span><b>dados de solicita\u00e7\u00e3o <\/b><span style=\"font-weight: 400;\">que n\u00e3o sejam considerados necess\u00e1rios.<\/span><\/p>\n<p><a href=\"https:\/\/calendly.com\/c2dbr-vendas\/demo\/?utm_source=site&amp;utm_medium=blog&amp;utm_campaign=lgpd-tudo-o-que-voce-precisa-saber\"><img decoding=\"async\" class=\"aligncenter wp-image-6648 size-full\" src=\"https:\/\/wanode.io\/wp-content\/uploads\/2020\/06\/AGENDAR-DEMONSTRA\u00c7\u00c3O-3-e1591152222880.png\" alt=\"\" width=\"500\" height=\"131\" \/><\/a><\/p>","protected":false},"excerpt":{"rendered":"<p>Nessa quarta-feira (26), foi aprovado pelo Senado Federal a vig\u00eancia da LGPD (Lei Geral de Prote\u00e7\u00e3o de Dados), assegurando os dados dos brasileiros no ambiente digital. Logo, a MP transformou-se em PLC (Projeto de Lei de Convers\u00e3o) 34\/2020 e, agora, ser\u00e1 sancionada pelo presidente a LGPD. J\u00e1 que n\u00e3o est\u00e1 mais adiada, sendo assim, a&hellip;&nbsp;<a href=\"https:\/\/wanode.io\/pt\/blog\/lgpd-tudo-o-que-voce-precisa-saber\/\" class=\"\" rel=\"bookmark\">Continuar lendo \u00bb<span class=\"screen-reader-text\">LGPD: tudo o que voc\u00ea precisa saber<\/span><\/a><\/p>","protected":false},"author":28,"featured_media":7466,"comment_status":"open","ping_status":"open","sticky":false,"template":"","format":"standard","meta":{"neve_meta_sidebar":"","neve_meta_container":"","neve_meta_enable_content_width":"","neve_meta_content_width":0,"neve_meta_title_alignment":"","neve_meta_author_avatar":"","neve_post_elements_order":"","neve_meta_disable_header":"","neve_meta_disable_footer":"","neve_meta_disable_title":"","footnotes":""},"categories":[45,44,1,46,43],"tags":[52,69,64,79,80,54],"class_list":["post-7452","post","type-post","status-publish","format-standard","has-post-thumbnail","hentry","category-facebook-messenger","category-instagram-direct","category-omnichannel","category-sac-digital","category-whatsapp-business","tag-atendimentodigital","tag-atendimentodigitalautomatico","tag-atendimentodigitalbrasil","tag-transformacaodigital","tag-transformacaodigitalbrasil","tag-vendasonline"],"_links":{"self":[{"href":"https:\/\/wanode.io\/pt\/wp-json\/wp\/v2\/posts\/7452","targetHints":{"allow":["GET"]}}],"collection":[{"href":"https:\/\/wanode.io\/pt\/wp-json\/wp\/v2\/posts"}],"about":[{"href":"https:\/\/wanode.io\/pt\/wp-json\/wp\/v2\/types\/post"}],"author":[{"embeddable":true,"href":"https:\/\/wanode.io\/pt\/wp-json\/wp\/v2\/users\/28"}],"replies":[{"embeddable":true,"href":"https:\/\/wanode.io\/pt\/wp-json\/wp\/v2\/comments?post=7452"}],"version-history":[{"count":0,"href":"https:\/\/wanode.io\/pt\/wp-json\/wp\/v2\/posts\/7452\/revisions"}],"wp:featuredmedia":[{"embeddable":true,"href":"https:\/\/wanode.io\/pt\/wp-json\/wp\/v2\/media\/7466"}],"wp:attachment":[{"href":"https:\/\/wanode.io\/pt\/wp-json\/wp\/v2\/media?parent=7452"}],"wp:term":[{"taxonomy":"category","embeddable":true,"href":"https:\/\/wanode.io\/pt\/wp-json\/wp\/v2\/categories?post=7452"},{"taxonomy":"post_tag","embeddable":true,"href":"https:\/\/wanode.io\/pt\/wp-json\/wp\/v2\/tags?post=7452"}],"curies":[{"name":"wp","href":"https:\/\/api.w.org\/{rel}","templated":true}]}}