{"id":7452,"date":"2020-09-03T07:15:23","date_gmt":"2020-09-03T10:15:23","guid":{"rendered":"https:\/\/wanode.io\/?p=7452"},"modified":"2021-10-19T09:22:34","modified_gmt":"2021-10-19T12:22:34","slug":"lgpd-tudo-o-que-voce-precisa-saber","status":"publish","type":"post","link":"https:\/\/wanode.io\/es\/blog\/lgpd-tudo-o-que-voce-precisa-sable\/","title":{"rendered":"LGPD: todo lo que voc\u00ea precisa saber"},"content":{"rendered":"<p><span style=\"font-weight: 400;\">Nessa quarta-feira (26), foi aprovado pelo <\/span><b>Senado Federal<\/b><span style=\"font-weight: 400;\"> a <\/span><b>vigilancia de la LGPD (Ley General de Protecci\u00f3n de Datos)<\/b><span style=\"font-weight: 400;\">, asegur\u00e1ndonoslo <\/span><b>dados dos brasile\u00f1os en ambiente digital<\/b><span style=\"font-weight: 400;\">. Logotipo, un <\/span><b>Diputado <\/b><span style=\"font-weight: 400;\">transformarlos <\/span><b>PLC (Projeto de Lei de Convers\u00e3o) 34\/2020 <\/b><span style=\"font-weight: 400;\">e, \u00e1gora, ser\u00e1 sancionada pelo presidente a <\/span><b>Polic\u00eda de LGPD<\/b><span style=\"font-weight: 400;\">. J\u00e1 que n\u00e3o est\u00e1 mais adiada, sendo assim, a evaluadora de imprensa do <\/span><b>Senado <\/b><span style=\"font-weight: 400;\">Inform\u00f3 que a <\/span><b>Polic\u00eda de LGPD <\/b><span style=\"font-weight: 400;\">come\u00e7a a valer j\u00e1 nesta quinta feira (27) passada, independente da san\u00e7\u00e3o do presidente.\u00a0<\/span><\/p>\n<p><span style=\"font-weight: 400;\">\u00a0Algunos especialistas n\u00e3o entraram num consenso sobre a data em que lei come\u00e7a a entrar em vigor: se foi quinta-feira mesmo ou ser\u00e1 s\u00f3 depois do presidente sancionar a <\/span><b>lei<\/b><span style=\"font-weight: 400;\">, o que pode acontecer em at\u00e9 15 d\u00edas \u00fateis despu\u00e9s de recibir el proyecto na <\/span><b>Casa Civil<\/b><span style=\"font-weight: 400;\">. Oh <\/span><b>Senado <\/b><span style=\"font-weight: 400;\">postou uma nota, depois, que a <\/span><b>Polic\u00eda de LGPD <\/b><span style=\"font-weight: 400;\">s\u00f3 passaria a valer depois da <\/span><b>sanci\u00f3n <\/b><span style=\"font-weight: 400;\">y los votos de los dem\u00e1s.<\/span><\/p>\n<p><span style=\"font-weight: 400;\">De modo general, \u00e9 preciso se atentar, pois as <\/span><b>multas de nueva ley <\/b><span style=\"font-weight: 400;\">pode chegar at\u00e9 2% do faturamento das <\/span><b>empresas<\/b><span style=\"font-weight: 400;\">, tengo el l\u00edmite de hasta R$50 milh\u00f5es. A medida que alegava a <\/span><b>sociedad <\/b><span style=\"font-weight: 400;\">Ainda n\u00e3o tinha se adapt\u00f3 a <\/span><b>legislaci\u00f3n <\/b><span style=\"font-weight: 400;\">e que una pandemia dificultava ainda mais, foi a \u00fanica que n\u00e3o foi votada no <\/span><b>Senado<\/b><span style=\"font-weight: 400;\">. Apesar da <\/span><b>(Autoridad Nacional de Protecci\u00f3n de Dados)<\/b> <b>Polic\u00eda Nacional<\/b><span style=\"font-weight: 400;\">, <\/span><b>\u00f3rgano responsable<\/b><span style=\"font-weight: 400;\"> por <\/span><b>interpretaci\u00f3n<\/b><span style=\"font-weight: 400;\"> mi <\/span><b>defensa de la legislaci\u00f3n<\/b><span style=\"font-weight: 400;\">, muitos alegam que o adiamento da <\/span><b>Vigencia de la LGPD<\/b><span style=\"font-weight: 400;\"> serviu como uma desculpa para trasar a cria\u00e7\u00e3o do \u00f3rg\u00e3o. Outros, acham que deveria permanecer adiada, pois uma <\/span><b>lei <\/b><span style=\"font-weight: 400;\">Sin un \u00f3rgano que a <\/span><b>regulamentiza <\/b><span style=\"font-weight: 400;\">no puede existir<\/span><\/p>\n<h2><\/h2>\n<h2><b>\u00bfO que muda com a vig\u00eancia da LGPD?<\/b><\/h2>\n<p><span style=\"font-weight: 400;\">Por conta de toda essa incerteza, voc\u00ea j\u00e1 deve ter notado que, nas \u00faltimas semanas, os maiores <\/span><b>Aplicativos <\/b><span style=\"font-weight: 400;\">Te busqu\u00e9 adaptarme <\/span><b>\u00e0s nuevas normas del mundo digital.<\/b> <b>Facebook, Google y WhatsApp<\/b><span style=\"font-weight: 400;\"> Inf\u00f3rmense <\/span><b>usuarios <\/b><span style=\"font-weight: 400;\">a trav\u00e9s de <\/span><b>correos electr\u00f3nicos <\/b><span style=\"font-weight: 400;\">UNED <\/span><b>mensajes <\/b><span style=\"font-weight: 400;\">no propio <\/span><b>Aplicativo<\/b><span style=\"font-weight: 400;\">. Oh <\/span><b>WhatsApp <\/b><span style=\"font-weight: 400;\">deixou uma mensajem no topo da i<\/span><b>Interfaz de la aplicaci\u00f3n<\/b><span style=\"font-weight: 400;\">, diciendo: \u201cToque para ler o <\/span><b>Nuevo aviso de privacidad <\/b><span style=\"font-weight: 400;\">\u2013 Brasil\u201d y env\u00eda el <\/span><b>usuario <\/b><span style=\"font-weight: 400;\">para un enlace. O <\/span><b>Facebook <\/b><span style=\"font-weight: 400;\">Inf\u00f3rmate <\/span><b>usuarios <\/b><span style=\"font-weight: 400;\">que pedir\u00e1 permiso antes de usar algunas <\/span><b>dados dos usu\u00e1rios brasileiros<\/b><span style=\"font-weight: 400;\">, oh <\/span><b>Gorjeo <\/b><span style=\"font-weight: 400;\">esto que un equipo interno cuidar\u00e1 de adecuar a <\/span><b>red social<\/b><span style=\"font-weight: 400;\"> conforme a <\/span><b>Polic\u00eda de LGPD<\/b><span style=\"font-weight: 400;\">. Oh <\/span><b>Google<\/b><span style=\"font-weight: 400;\">, inclusive, se mostrou em favor da <\/span><b>Polic\u00eda de Londres.<\/b><\/p>\n<p><span style=\"font-weight: 400;\">Pois, com a <\/span><b>Vigencia de la LGPD<\/b><span style=\"font-weight: 400;\">, como <\/span><b>empresas <\/b><span style=\"font-weight: 400;\">s\u00f3 poder\u00e3o guardar ou utilizar os <\/span><b>dados de los clientes<\/b><span style=\"font-weight: 400;\"> Con ella <\/span><b>permiso<\/b><span style=\"font-weight: 400;\">.<\/span><\/p>\n<p><span style=\"font-weight: 400;\">Se algo <\/span><b>red social <\/b><span style=\"font-weight: 400;\">o algo m\u00e1s <\/span><b>empresa <\/b><span style=\"font-weight: 400;\">pasaos vosotros <\/span><b>dados<\/b><span style=\"font-weight: 400;\">, como nombre, contacto, env\u00edo y correo electr\u00f3nico para otros <\/span><b>empresas<\/b><span style=\"font-weight: 400;\">. Voc\u00ea podr\u00e1 se proteger y procesar los envolvidos pela <\/span><b>Polic\u00eda de LGPD<\/b><span style=\"font-weight: 400;\">.<\/span><\/p>\n<figure id=\"attachment_7467\" aria-describedby=\"caption-attachment-7467\" style=\"width: 1920px\" class=\"wp-caption alignnone\"><img fetchpriority=\"high\" decoding=\"async\" class=\"size-full wp-image-7467\" src=\"https:\/\/wanode.io\/wp-content\/uploads\/2020\/09\/Design-sem-nome-4.png\" alt=\"emprendedor adaptando as nuevas normas da LGPD\" width=\"1920\" height=\"1080\" srcset=\"https:\/\/wanode.io\/wp-content\/uploads\/2020\/09\/Design-sem-nome-4.png 1920w, https:\/\/wanode.io\/wp-content\/uploads\/2020\/09\/Design-sem-nome-4-600x338.png 600w, https:\/\/wanode.io\/wp-content\/uploads\/2020\/09\/Design-sem-nome-4-711x400.png 711w, https:\/\/wanode.io\/wp-content\/uploads\/2020\/09\/Design-sem-nome-4-1400x788.png 1400w, https:\/\/wanode.io\/wp-content\/uploads\/2020\/09\/Design-sem-nome-4-768x432.png 768w, https:\/\/wanode.io\/wp-content\/uploads\/2020\/09\/Design-sem-nome-4-1536x864.png 1536w\" sizes=\"(max-width: 1920px) 100vw, 1920px\" \/><figcaption id=\"caption-attachment-7467\" class=\"wp-caption-text\">emprendedor adaptando as nuevas normas da LGPD<\/figcaption><\/figure>\n<h2><b>\u00bfQu\u00e9 est\u00e1 permitido o no pela LGPD?<\/b><\/h2>\n<p><span style=\"font-weight: 400;\">A <\/span><b>lei <\/b><span style=\"font-weight: 400;\">Torna oficial del OS <\/span><b>dados an\u00f3nimos<\/b><span style=\"font-weight: 400;\">, o seja, algunos <\/span><b>dados <\/b><span style=\"font-weight: 400;\">ser\u00e3o cuidados e guardados na rede sem que as pessoas que os forneceram seja identificados. Muitas <\/span><b>empresas <\/b><span style=\"font-weight: 400;\">como o <\/span><b>Mapas de Google<\/b><span style=\"font-weight: 400;\">Acabamos de cogerlo <\/span><b>dados de la gente <\/b><span style=\"font-weight: 400;\">paraca <\/span><b>identificar <\/b><span style=\"font-weight: 400;\">como esta o <\/span><b>tr\u00e1nsito entre nosotros.<\/b><span style=\"font-weight: 400;\"> No tanto, ele n\u00e3o informa os <\/span><b>usuarios <\/b><span style=\"font-weight: 400;\">otros <\/span><b>empresas <\/b><span style=\"font-weight: 400;\">sobre cada um que contribuiu com seus <\/span><b>dados, <\/b><span style=\"font-weight: 400;\">para un <\/span><b>an\u00e1lisis de la empresa<\/b><span style=\"font-weight: 400;\"> con <\/span><b>relaci\u00f3n al tr\u00e1nsito<\/b><span style=\"font-weight: 400;\">. As \u00fanicas exce\u00e7\u00f5es para essa regra s\u00e3o em quest\u00f5es de <\/span><b>medidas judiciales<\/b><span style=\"font-weight: 400;\">, <\/span><b>b\u00fasqueda<\/b><span style=\"font-weight: 400;\">, <\/span><b>pol\u00edticas p\u00fablicas<\/b><span style=\"font-weight: 400;\"> UNED <\/span><b>sospecha de fraude<\/b><span style=\"font-weight: 400;\">.\u00a0<\/span><\/p>\n<p><span style=\"font-weight: 400;\">A <\/span><b>Polic\u00eda de Londres, <\/b><span style=\"font-weight: 400;\">tampoco tengo <\/span><b>Vigencia <\/b><span style=\"font-weight: 400;\">com rela\u00e7\u00e3o a di\u00e1logos pessoais, jornal\u00edsticos, de estudo acad\u00eamico, <\/span><b>seguridad p\u00fablica <\/b><span style=\"font-weight: 400;\">\u00bfPor qu\u00e9 haces esto? <\/span><b>territorio nacional<\/b><span style=\"font-weight: 400;\">. Nos casos de menores de idade, um respons\u00e1vel maior de idade que responder\u00e1 sobre como os <\/span><b>dados <\/b><span style=\"font-weight: 400;\">do menor dever\u00e3o ser tratado.\u00a0<\/span><\/p>\n<p><span style=\"font-weight: 400;\">Y quem analizar\u00e1 caso por caso ser\u00e1 a <\/span><b>ANPD (Autoridad Nacional de Protecci\u00f3n de Dados)<\/b><span style=\"font-weight: 400;\"> que deve logo ser criada. Por eso, que como <\/span><b>empresas <\/b><span style=\"font-weight: 400;\">Ya debes mudarte <\/span><b>t\u00e9rminos de uso<\/b><span style=\"font-weight: 400;\">, dej\u00e1ndolo <\/span><b>cliente <\/b><span style=\"font-weight: 400;\">ciente de todo o que \u00e9 feito com os seus <\/span><b>dados<\/b><span style=\"font-weight: 400;\"> y enviando un mensaje de acuerdo con <\/span><b>Polic\u00eda de LGPD<\/b><span style=\"font-weight: 400;\">. Logo, una necesidad de avisar a nosotros mismos <\/span><b>clientes <\/b><span style=\"font-weight: 400;\">que ir\u00e3o estar se adequando a <\/span><b>nueva ley.<\/b><\/p>\n<p>&nbsp;<\/p>\n<p><b>Quais s\u00e3o os direitos dos usu\u00e1rios?<\/b><\/p>\n<p><span style=\"font-weight: 400;\">Oh <\/span><b>usuario <\/b><span style=\"font-weight: 400;\">tem o direito de saber gratuitamente quais <\/span><b>empresas <\/b><span style=\"font-weight: 400;\">ten\u00e9is vosotros <\/span><b>dados <\/b><span style=\"font-weight: 400;\">y que <\/span><b>dados <\/b><span style=\"font-weight: 400;\">s\u00e3o esses. Como est\u00e1n armados y at\u00e9 solicitar que os retiren de sus vidas <\/span><b>sistema<\/b><span style=\"font-weight: 400;\">. Podendo ser cualquiera <\/span><b>friso<\/b><span style=\"font-weight: 400;\">:<\/span><b> RG, CPF<\/b><span style=\"font-weight: 400;\"> o los dados que a <\/span><b>Polic\u00eda de LGPD <\/b><span style=\"font-weight: 400;\">Considere que se debe tener m\u00e1s cuidado: origen racial o \u00e9tnico, posici\u00f3n ideol\u00f3gica, pol\u00edtica o religiosa, o mesmo biometr\u00eda, hist\u00f3rico gen\u00e9tico y orientaci\u00f3n sexual.\u00a0<\/span><\/p>\n<p><span style=\"font-weight: 400;\">Todos son <\/span><b>dados <\/b><span style=\"font-weight: 400;\">est\u00e1n congelados<\/span><b> m\u00e1s diversas formas<\/b><span style=\"font-weight: 400;\">, como nos lo indican los catastros <\/span><b>aplicaciones m\u00f3viles<\/b><span style=\"font-weight: 400;\">, <\/span><b>formularios preenquidos <\/b><span style=\"font-weight: 400;\">para recepci\u00f3n de <\/span><b>boletines informativos<\/b><span style=\"font-weight: 400;\">. El mismo nos encontramos all\u00ed <\/span><b>anuncios<\/b><span style=\"font-weight: 400;\">, <\/span><b>c\u00f3digos promocionais<\/b><span style=\"font-weight: 400;\"> e afinas. Todas estas acciones recogidas <\/span><b>Informaci\u00f3n de los clientes<\/b><span style=\"font-weight: 400;\"> gerou gran aumento de casos de <\/span><b>vazamiento de dados<\/b><span style=\"font-weight: 400;\"> sendo necesario que estados, <\/span><b>empresas <\/b><span style=\"font-weight: 400;\">mi <\/span><b>Comunidad <\/b><span style=\"font-weight: 400;\">cris\u00e1lida <\/span><b>herramientas <\/b><span style=\"font-weight: 400;\">paraca <\/span><b>proteger la privacidad de las personas<\/b><span style=\"font-weight: 400;\">. Adem\u00e1s de esto, <\/span><b>ataques cibern\u00e9ticos<\/b><span style=\"font-weight: 400;\"> Geram grandes <\/span><b>prejuicios financieros<\/b><span style=\"font-weight: 400;\">. As\u00ed en 2019, R$80 bilh\u00f5es foram perdido, en Brasil, por cuenta de <\/span><b>vazamentos de dados,<\/b><span style=\"font-weight: 400;\"> segundo a<\/span> <b>Uni\u00f3n Internacional de Telecomunicaciones<\/b><span style=\"font-weight: 400;\"> (<\/span><b>UIT<\/b><span style=\"font-weight: 400;\">), \u00f3rgano de la <\/span><b>Organizaci\u00f3n de las Naciones Unidas (ONU).<\/b><\/p>\n<p><span style=\"font-weight: 400;\">A <\/span><b>Polic\u00eda de LGPD<\/b><span style=\"font-weight: 400;\"> fue creada a partir de moldes <\/span><b>CDPR<\/b><span style=\"font-weight: 400;\"> (<\/span><a href=\"https:\/\/www.techtudo.com.br\/noticias\/2018\/05\/o-que-e-a-gdpr-entenda-o-que-muda-para-voce-com-a-nova-lei.ghtml\"><b>Reglamento General de Protecci\u00f3n de Dados de la Uni\u00f3n Europea<\/b><\/a><span style=\"font-weight: 400;\">), en prol de s<\/span><b>seguridad de los datos de la poblaci\u00f3n<\/b><span style=\"font-weight: 400;\"> europ\u00e9ia est\u00e1 en vigor desde 2018. At\u00e9 ent\u00e3o, n\u00e3o t\u00ednhamos nenhuma lei que cuidava diretamente do <\/span><b>asunci\u00f3n<\/b><span style=\"font-weight: 400;\">, s\u00f3lo algunas <\/span><b>disposiciones generales<\/b><span style=\"font-weight: 400;\"> hacer <\/span><b>C\u00f3digo de Defesa del Consumidor<\/b><span style=\"font-weight: 400;\">, <\/span><span style=\"font-weight: 400;\">n \/ A <\/span><a href=\"https:\/\/www.techtudo.com.br\/dicas-e-tutoriais\/2019\/07\/como-fazer-um-pedido-pela-lei-de-acesso-a-informacao.ghtml\"><b>Ley de acceso a la informaci\u00f3n<\/b><\/a><span style=\"font-weight: 400;\"> y no <\/span><a href=\"https:\/\/www.techtudo.com.br\/noticias\/noticia\/2014\/03\/camara-aprova-o-marco-civil-da-internet-entenda-o-que-isso-significa.html\"><b>Marco Civil de Internet<\/b><\/a><span style=\"font-weight: 400;\">.\u00a0<\/span><\/p>\n<p><span style=\"font-weight: 400;\">En general, como <\/span><b>empresas <\/b><span style=\"font-weight: 400;\">pedem a <\/span><b>Permiso del usuario<\/b><span style=\"font-weight: 400;\"> con relaci\u00f3n al uso de sus <\/span><b>dados nos formularios e catastros. <\/b><span style=\"font-weight: 400;\">No entanto, ahora, isso precisar\u00e1 ser feito com mais <\/span><b>transparencia<\/b><span style=\"font-weight: 400;\">. Con un <\/span><b>Vigencia de la LGPD<\/b><span style=\"font-weight: 400;\">, como <\/span><b>empresas <\/b><span style=\"font-weight: 400;\">debemos justificar la solicitud de determinados <\/span><b>dados<\/b><span style=\"font-weight: 400;\">, adem\u00e1s de informar para quais <\/span><b>finalidades <\/b><span style=\"font-weight: 400;\">ser\u00e3o usados. E n\u00e3o sendo permitido us\u00e1-los para outros fins sen\u00e3o aqueles que <\/span><b>se\u00f1aliza al usuario<\/b><span style=\"font-weight: 400;\">. Nosotros tambi\u00e9n <\/span><b>Solicitar datos <\/b><span style=\"font-weight: 400;\">que no sejam considerados necesarios.<\/span><\/p>\n<p><a href=\"https:\/\/calendly.com\/c2dbr-vendas\/demo\/?utm_source=site&amp;utm_medium=blog&amp;utm_campaign=lgpd-tudo-o-que-voce-precisa-saber\"><img decoding=\"async\" class=\"aligncenter wp-image-6648 size-full\" src=\"https:\/\/wanode.io\/wp-content\/uploads\/2020\/06\/AGENDAR-DEMONSTRA\u00c7\u00c3O-3-e1591152222880.png\" alt=\"\" width=\"500\" height=\"131\" \/><\/a><\/p>","protected":false},"excerpt":{"rendered":"<p>Nessa quarta-feira (26), foi aprovado pelo Senado Federal a vig\u00eancia da LGPD (Lei Geral de Prote\u00e7\u00e3o de Dados), assegurando os dados dos brasileiros no ambiente digital. Logo, a MP transformou-se em PLC (Projeto de Lei de Convers\u00e3o) 34\/2020 e, agora, ser\u00e1 sancionada pelo presidente a LGPD. J\u00e1 que n\u00e3o est\u00e1 mais adiada, sendo assim, a&hellip;&nbsp;<a href=\"https:\/\/wanode.io\/es\/blog\/lgpd-tudo-o-que-voce-precisa-sable\/\" class=\"\" rel=\"bookmark\">Leer m\u00e1s \u00bb<span class=\"screen-reader-text\">LGPD: todo lo que voc\u00ea precisa saber<\/span><\/a><\/p>","protected":false},"author":28,"featured_media":7466,"comment_status":"open","ping_status":"open","sticky":false,"template":"","format":"standard","meta":{"neve_meta_sidebar":"","neve_meta_container":"","neve_meta_enable_content_width":"","neve_meta_content_width":0,"neve_meta_title_alignment":"","neve_meta_author_avatar":"","neve_post_elements_order":"","neve_meta_disable_header":"","neve_meta_disable_footer":"","neve_meta_disable_title":"","footnotes":""},"categories":[45,44,1,46,43],"tags":[52,69,64,79,80,54],"class_list":["post-7452","post","type-post","status-publish","format-standard","has-post-thumbnail","hentry","category-facebook-messenger","category-instagram-direct","category-omnichannel","category-sac-digital","category-whatsapp-business","tag-atendimentodigital","tag-atendimentodigitalautomatico","tag-atendimentodigitalbrasil","tag-transformacaodigital","tag-transformacaodigitalbrasil","tag-vendasonline"],"_links":{"self":[{"href":"https:\/\/wanode.io\/es\/wp-json\/wp\/v2\/posts\/7452","targetHints":{"allow":["GET"]}}],"collection":[{"href":"https:\/\/wanode.io\/es\/wp-json\/wp\/v2\/posts"}],"about":[{"href":"https:\/\/wanode.io\/es\/wp-json\/wp\/v2\/types\/post"}],"author":[{"embeddable":true,"href":"https:\/\/wanode.io\/es\/wp-json\/wp\/v2\/users\/28"}],"replies":[{"embeddable":true,"href":"https:\/\/wanode.io\/es\/wp-json\/wp\/v2\/comments?post=7452"}],"version-history":[{"count":0,"href":"https:\/\/wanode.io\/es\/wp-json\/wp\/v2\/posts\/7452\/revisions"}],"wp:featuredmedia":[{"embeddable":true,"href":"https:\/\/wanode.io\/es\/wp-json\/wp\/v2\/media\/7466"}],"wp:attachment":[{"href":"https:\/\/wanode.io\/es\/wp-json\/wp\/v2\/media?parent=7452"}],"wp:term":[{"taxonomy":"category","embeddable":true,"href":"https:\/\/wanode.io\/es\/wp-json\/wp\/v2\/categories?post=7452"},{"taxonomy":"post_tag","embeddable":true,"href":"https:\/\/wanode.io\/es\/wp-json\/wp\/v2\/tags?post=7452"}],"curies":[{"name":"wp","href":"https:\/\/api.w.org\/{rel}","templated":true}]}}